{"id":19789,"date":"2026-03-04T19:24:56","date_gmt":"2026-03-04T18:24:56","guid":{"rendered":"https:\/\/envergure224.com\/index.php\/?p=19789"},"modified":"2026-03-04T19:33:19","modified_gmt":"2026-03-04T18:33:19","slug":"lutte-contre-la-vie-chere-en-guinee-mohamed-traore-lance-une-offensive-nationale-sur-les-marches","status":"publish","type":"post","link":"https:\/\/envergure224.com\/index.php\/lutte-contre-la-vie-chere-en-guinee-mohamed-traore-lance-une-offensive-nationale-sur-les-marches\/","title":{"rendered":"Lutte contre la vie ch\u00e8re en Guin\u00e9e : Mohamed Traor\u00e9 lance une offensive nationale sur les march\u00e9s"},"content":{"rendered":"<p>Sous l\u2019impulsion du minist\u00e8re de l\u2019Industrie et du Commerce, une vaste op\u00e9ration de contr\u00f4le des prix et de la qualit\u00e9 a d\u00e9but\u00e9 ce matin sur l\u2019ensemble du territoire national. L\u2019objectif etait de passer des accords th\u00e9oriques \u00e0 une r\u00e9alit\u00e9 tangible pour le panier de la m\u00e9nag\u00e8re.<\/p>\n<p>\u200b<a href=\"https:\/\/envergure224.com\/wp-content\/uploads\/2026\/03\/Messenger_creation_344906EC-973D-40AA-9688-46E71B0BA0F3.jpeg\"><img loading=\"lazy\" decoding=\"async\" class=\"alignnone size-medium wp-image-19793\" src=\"https:\/\/envergure224.com\/wp-content\/uploads\/2026\/03\/Messenger_creation_344906EC-973D-40AA-9688-46E71B0BA0F3-300x138.jpeg\" alt=\"\" width=\"300\" height=\"138\" srcset=\"https:\/\/envergure224.com\/wp-content\/uploads\/2026\/03\/Messenger_creation_344906EC-973D-40AA-9688-46E71B0BA0F3-300x138.jpeg 300w, https:\/\/envergure224.com\/wp-content\/uploads\/2026\/03\/Messenger_creation_344906EC-973D-40AA-9688-46E71B0BA0F3-1024x473.jpeg 1024w, https:\/\/envergure224.com\/wp-content\/uploads\/2026\/03\/Messenger_creation_344906EC-973D-40AA-9688-46E71B0BA0F3-768x354.jpeg 768w, https:\/\/envergure224.com\/wp-content\/uploads\/2026\/03\/Messenger_creation_344906EC-973D-40AA-9688-46E71B0BA0F3-1536x709.jpeg 1536w, https:\/\/envergure224.com\/wp-content\/uploads\/2026\/03\/Messenger_creation_344906EC-973D-40AA-9688-46E71B0BA0F3.jpeg 2048w\" sizes=\"auto, (max-width: 300px) 100vw, 300px\" \/><\/a><\/p>\n<p>Par la voix de son Directeur national du commerce int\u00e9rieur, de la concurrence et de la consommation, M. Mohamed Traor\u00e9, le gouvernement guin\u00e9en a r\u00e9affirm\u00e9 sa d\u00e9termination \u00e0 stabiliser le march\u00e9 des denr\u00e9es de premi\u00e8re n\u00e9cessit\u00e9. Cette campagne op\u00e9rationnelle r\u00e9pond directement aux instructions de la ministre Mme Fatima Camara, traduisant la volont\u00e9 du Chef de l\u2019\u00c9tat de prot\u00e9ger le pouvoir d&rsquo;achat des citoyens.<\/p>\n<p><a href=\"https:\/\/envergure224.com\/wp-content\/uploads\/2026\/03\/Messenger_creation_C347F81B-3F19-4C8E-8DA3-BBF61EA71B2B.jpeg\"><img loading=\"lazy\" decoding=\"async\" class=\"alignnone size-medium wp-image-19795\" src=\"https:\/\/envergure224.com\/wp-content\/uploads\/2026\/03\/Messenger_creation_C347F81B-3F19-4C8E-8DA3-BBF61EA71B2B-300x138.jpeg\" alt=\"\" width=\"300\" height=\"138\" srcset=\"https:\/\/envergure224.com\/wp-content\/uploads\/2026\/03\/Messenger_creation_C347F81B-3F19-4C8E-8DA3-BBF61EA71B2B-300x138.jpeg 300w, https:\/\/envergure224.com\/wp-content\/uploads\/2026\/03\/Messenger_creation_C347F81B-3F19-4C8E-8DA3-BBF61EA71B2B-1024x473.jpeg 1024w, https:\/\/envergure224.com\/wp-content\/uploads\/2026\/03\/Messenger_creation_C347F81B-3F19-4C8E-8DA3-BBF61EA71B2B-768x354.jpeg 768w, https:\/\/envergure224.com\/wp-content\/uploads\/2026\/03\/Messenger_creation_C347F81B-3F19-4C8E-8DA3-BBF61EA71B2B-1536x709.jpeg 1536w, https:\/\/envergure224.com\/wp-content\/uploads\/2026\/03\/Messenger_creation_C347F81B-3F19-4C8E-8DA3-BBF61EA71B2B.jpeg 2048w\" sizes=\"auto, (max-width: 300px) 100vw, 300px\" \/><\/a><\/p>\n<p>Loin d\u2019\u00eatre une simple descente de routine, cette mission mobilise les bras arm\u00e9s de la r\u00e9gulation commerciale en Guin\u00e9e. Sur le terrain, les agents asserment\u00e9s de la DNCI collaborent \u00e9troitement avec l&rsquo;Office national de contr\u00f4le qualit\u00e9 (ONCQ) et l&rsquo;Institut guin\u00e9en de normalisation et de m\u00e9trologie (IGNM).<\/p>\n<p>\u200b\u00ab Il s\u2019agit de constater de visu le respect de l\u2019application du protocole sign\u00e9 le 16 f\u00e9vrier dernier \u00bb, a pr\u00e9cis\u00e9 M. Traor\u00e9.<\/p>\n<p>\u200b<a href=\"https:\/\/envergure224.com\/wp-content\/uploads\/2026\/03\/IMG-20260304-WA0000.jpg\"><img loading=\"lazy\" decoding=\"async\" class=\"alignnone size-medium wp-image-19792\" src=\"https:\/\/envergure224.com\/wp-content\/uploads\/2026\/03\/IMG-20260304-WA0000-300x169.jpg\" alt=\"\" width=\"300\" height=\"169\" srcset=\"https:\/\/envergure224.com\/wp-content\/uploads\/2026\/03\/IMG-20260304-WA0000-300x169.jpg 300w, https:\/\/envergure224.com\/wp-content\/uploads\/2026\/03\/IMG-20260304-WA0000-1024x576.jpg 1024w, https:\/\/envergure224.com\/wp-content\/uploads\/2026\/03\/IMG-20260304-WA0000-768x432.jpg 768w, https:\/\/envergure224.com\/wp-content\/uploads\/2026\/03\/IMG-20260304-WA0000-800x450.jpg 800w, https:\/\/envergure224.com\/wp-content\/uploads\/2026\/03\/IMG-20260304-WA0000.jpg 1280w\" sizes=\"auto, (max-width: 300px) 100vw, 300px\" \/><\/a><\/p>\n<p>Prix, qualit\u00e9, poids et mesures : rien n&rsquo;est laiss\u00e9 au hasard pour s&rsquo;assurer que les accords entre la Chambre de Commerce, les Douanes et la DNCI soient strictement appliqu\u00e9s dans les boutiques et les march\u00e9s de quartier.<\/p>\n<p>\u200b\u00ab Accompagner plut\u00f4t que r\u00e9primer \u00bb<\/p>\n<p>\u200bLe Directeur national a tenu \u00e0 rassurer les op\u00e9rateurs \u00e9conomiques. L\u2019op\u00e9ration se veut p\u00e9dagogique : Aider les commer\u00e7ants \u00e0 s&rsquo;approprier les bonnes pratiques, veiller \u00e0 ce que les prix plafonds soient respect\u00e9s \u00e0 chaque \u00e9chelon (importateurs, grossistes et d\u00e9taillants).<\/p>\n<p>\u200bLes d\u00e9taillants sont invit\u00e9s \u00e0 signaler tout abus subi de la part des importateurs pour \u00e9viter une r\u00e9percussion injuste sur les consommateurs.<\/p>\n<p>\u200bLe citoyen au c\u0153ur du dispositif : Le 142 en premi\u00e8re ligne<\/p>\n<p>\u200b<a href=\"https:\/\/envergure224.com\/wp-content\/uploads\/2026\/03\/Messenger_creation_344906EC-973D-40AA-9688-46E71B0BA0F3-1.jpeg\"><img loading=\"lazy\" decoding=\"async\" class=\"alignnone size-medium wp-image-19799\" src=\"https:\/\/envergure224.com\/wp-content\/uploads\/2026\/03\/Messenger_creation_344906EC-973D-40AA-9688-46E71B0BA0F3-1-300x138.jpeg\" alt=\"\" width=\"300\" height=\"138\" srcset=\"https:\/\/envergure224.com\/wp-content\/uploads\/2026\/03\/Messenger_creation_344906EC-973D-40AA-9688-46E71B0BA0F3-1-300x138.jpeg 300w, https:\/\/envergure224.com\/wp-content\/uploads\/2026\/03\/Messenger_creation_344906EC-973D-40AA-9688-46E71B0BA0F3-1-1024x473.jpeg 1024w, https:\/\/envergure224.com\/wp-content\/uploads\/2026\/03\/Messenger_creation_344906EC-973D-40AA-9688-46E71B0BA0F3-1-768x354.jpeg 768w, https:\/\/envergure224.com\/wp-content\/uploads\/2026\/03\/Messenger_creation_344906EC-973D-40AA-9688-46E71B0BA0F3-1-1536x709.jpeg 1536w, https:\/\/envergure224.com\/wp-content\/uploads\/2026\/03\/Messenger_creation_344906EC-973D-40AA-9688-46E71B0BA0F3-1.jpeg 2048w\" sizes=\"auto, (max-width: 300px) 100vw, 300px\" \/><\/a><\/p>\n<p>Pour r\u00e9ussir ce pari de la stabilisation, le d\u00e9partement mise sur une collaboration citoyenne. Mohamed Traor\u00e9 a vivement encourag\u00e9 la population \u00e0 devenir actrice de ce contr\u00f4le en utilisant le num\u00e9ro vert mis \u00e0 disposition.<\/p>\n<p>\u200b\u00ab Appelez le 142 pour signaler tout abus \u00bb, a-t-il martel\u00e9, rappelant que l&rsquo;information en temps r\u00e9el est le meilleur moyen pour l&rsquo;\u00c9tat d&rsquo;intervenir contre les pratiques sp\u00e9culatives.<\/p>\n<p>\u200bAlors que les \u00e9quipes sont d\u00e9ploy\u00e9es de Conakry jusqu&rsquo;aux pr\u00e9fectures les plus recul\u00e9es, les premiers \u00e9chos du terrain montrent une prise de conscience des commer\u00e7ants. Une lueur d&rsquo;espoir pour un march\u00e9 guin\u00e9en plus r\u00e9gul\u00e9 et plus juste.<\/p>\n<p><strong>Naby Camara\u00a0<\/strong><\/p>\n","protected":false},"excerpt":{"rendered":"<p>Sous l\u2019impulsion du minist\u00e8re de l\u2019Industrie et du Commerce, une vaste op\u00e9ration de contr\u00f4le des<\/p>\n","protected":false},"author":2,"featured_media":19792,"comment_status":"closed","ping_status":"closed","sticky":false,"template":"","format":"standard","meta":{"footnotes":""},"categories":[8],"tags":[],"class_list":["post-19789","post","type-post","status-publish","format-standard","has-post-thumbnail","hentry","category-societe"],"_links":{"self":[{"href":"https:\/\/envergure224.com\/index.php\/wp-json\/wp\/v2\/posts\/19789","targetHints":{"allow":["GET"]}}],"collection":[{"href":"https:\/\/envergure224.com\/index.php\/wp-json\/wp\/v2\/posts"}],"about":[{"href":"https:\/\/envergure224.com\/index.php\/wp-json\/wp\/v2\/types\/post"}],"author":[{"embeddable":true,"href":"https:\/\/envergure224.com\/index.php\/wp-json\/wp\/v2\/users\/2"}],"replies":[{"embeddable":true,"href":"https:\/\/envergure224.com\/index.php\/wp-json\/wp\/v2\/comments?post=19789"}],"version-history":[{"count":0,"href":"https:\/\/envergure224.com\/index.php\/wp-json\/wp\/v2\/posts\/19789\/revisions"}],"wp:featuredmedia":[{"embeddable":true,"href":"https:\/\/envergure224.com\/index.php\/wp-json\/wp\/v2\/media\/19792"}],"wp:attachment":[{"href":"https:\/\/envergure224.com\/index.php\/wp-json\/wp\/v2\/media?parent=19789"}],"wp:term":[{"taxonomy":"category","embeddable":true,"href":"https:\/\/envergure224.com\/index.php\/wp-json\/wp\/v2\/categories?post=19789"},{"taxonomy":"post_tag","embeddable":true,"href":"https:\/\/envergure224.com\/index.php\/wp-json\/wp\/v2\/tags?post=19789"}],"curies":[{"name":"wp","href":"https:\/\/api.w.org\/{rel}","templated":true}]}}